{"id":2276,"date":"2026-07-07T13:41:34","date_gmt":"2026-07-07T16:41:34","guid":{"rendered":"https:\/\/cirurgiadecolunagoiania.com.br\/blog\/dor-na-coluna-toracica\/"},"modified":"2026-07-07T13:41:35","modified_gmt":"2026-07-07T16:41:35","slug":"dor-na-coluna-toracica","status":"publish","type":"post","link":"https:\/\/cirurgiadecolunagoiania.com.br\/blog\/dor-na-coluna-toracica\/","title":{"rendered":"Dor na Coluna Tor\u00e1cica: O Que Pode Ser"},"content":{"rendered":"\n<p class=\"wp-block-paragraph\">Dor no meio das costas tamb\u00e9m pode ser chamada de dor na coluna tor\u00e1cica. Ela aparece entre a base do pesco\u00e7o e a parte alta da lombar e, em muitos casos, tem rela\u00e7\u00e3o com m\u00fasculos tensos, postura mantida por muito tempo ou sobrecarga do dia a dia.<\/p>\n\n\n\n<p class=\"wp-block-paragraph\">S\u00f3 que nem toda dor nessa regi\u00e3o \u00e9 uma dor comum nas costas. <\/p>\n\n\n\n<p class=\"wp-block-paragraph\">Quando o sintoma vem com falta de ar, febre, trauma, perda de for\u00e7a, formigamento, perda de peso sem explica\u00e7\u00e3o ou mudan\u00e7a para urinar e evacuar, a avalia\u00e7\u00e3o m\u00e9dica precisa acontecer mais cedo.<\/p>\n\n\n\n<h2 class=\"wp-block-heading\">Onde fica a coluna tor\u00e1cica e por que essa regi\u00e3o d\u00f3i<\/h2>\n\n\n\n<p class=\"wp-block-paragraph\">A coluna tor\u00e1cica \u00e9 a parte central da coluna e se conecta \u00e0s costelas. Por ser mais est\u00e1vel e menos m\u00f3vel do que a cervical e a lombar, ela costuma doer menos, mas n\u00e3o significa que a dor nessa \u00e1rea deva ser ignorada.<\/p>\n\n\n\n<p class=\"wp-block-paragraph\">O desconforto pode come\u00e7ar aos poucos, depois de horas sentado, ou surgir ap\u00f3s tor\u00e7\u00e3o, esfor\u00e7o, treino mal executado ou movimento repetitivo. Em outras situa\u00e7\u00f5es, a dor na coluna tor\u00e1cica \u00e9 apenas o reflexo de um problema fora da coluna.<\/p>\n\n\n\n<h3 class=\"wp-block-heading\">Causas mais comuns<\/h3>\n\n\n\n<p class=\"wp-block-paragraph\">As causas mais frequentes s\u00e3o tens\u00e3o muscular, m\u00e1 postura, sobrecarga f\u00edsica, rigidez articular e irrita\u00e7\u00e3o dos discos, ligamentos ou nervos da regi\u00e3o. <\/p>\n\n\n\n<p class=\"wp-block-paragraph\"><a href=\"https:\/\/cirurgiadecolunagoiania.com.br\/blog\/como-saber-se-tenho-escoliose\/\" type=\"link\" id=\"https:\/\/cirurgiadecolunagoiania.com.br\/blog\/como-saber-se-tenho-escoliose\/\">Escoliose,<\/a> <a href=\"https:\/\/cirurgiadecolunagoiania.com.br\/blog\/cifose-curvatura-fisiologica\/\" type=\"link\" id=\"https:\/\/cirurgiadecolunagoiania.com.br\/blog\/cifose-curvatura-fisiologica\/\">cifose<\/a>,<a href=\"https:\/\/cirurgiadecolunagoiania.com.br\/blog\/artrose-na-coluna\/\" type=\"link\" id=\"https:\/\/cirurgiadecolunagoiania.com.br\/blog\/artrose-na-coluna\/\"> osteoartrose<\/a>,<a href=\"https:\/\/cirurgiadecolunagoiania.com.br\/blog\/sintomas-de-osteoporose-na-coluna\/\" type=\"link\" id=\"https:\/\/cirurgiadecolunagoiania.com.br\/blog\/sintomas-de-osteoporose-na-coluna\/\"> osteoporose<\/a><strong> <\/strong>e h\u00e9rnia de disco tor\u00e1cica tamb\u00e9m podem entrar na investiga\u00e7\u00e3o, dependendo da idade e dos sintomas.<\/p>\n\n\n\n<p class=\"wp-block-paragraph\">Tamb\u00e9m existe a chamada dor referida. Nesse caso, a pessoa sente dor nas costas, mas a origem est\u00e1 em outra estrutura, como es\u00f4fago, pulm\u00e3o, cora\u00e7\u00e3o ou outros \u00f3rg\u00e3os do t\u00f3rax e do abd\u00f4men.<\/p>\n\n\n\n<h3 class=\"wp-block-heading\">Fatores que aumentam o risco<\/h3>\n\n\n\n<p class=\"wp-block-paragraph\">Alguns h\u00e1bitos e condi\u00e7\u00f5es favorecem crises repetidas de dorsalgia tor\u00e1cica:<\/p>\n\n\n\n<ul class=\"wp-block-list\">\n<li>Ficar muito tempo sentado e curvado;<\/li>\n\n\n\n<li>Trabalhar sem pausas ou sem apoio adequado;<\/li>\n\n\n\n<li>Carregar peso com t\u00e9cnica ruim;<\/li>\n\n\n\n<li>Treinar com pouca mobilidade e fraqueza muscular;<\/li>\n\n\n\n<li>Levar vida sedent\u00e1ria;<\/li>\n\n\n\n<li>Ignorar dor recorrente e continuar for\u00e7ando a regi\u00e3o.<\/li>\n<\/ul>\n\n\n\n<h2 class=\"wp-block-heading\">Sintomas da dor na coluna tor\u00e1cica<\/h2>\n\n\n\n<p class=\"wp-block-paragraph\">Nem toda <a href=\"https:\/\/www.nhsaaa.net\/musculoskeletal-msk-service-patient-portal\/mid-back-pain-thoracic\/mid-back-pain-thoracic-introduction-msk-patient-portal\/\" type=\"link\" id=\"https:\/\/www.nhsaaa.net\/musculoskeletal-msk-service-patient-portal\/mid-back-pain-thoracic\/mid-back-pain-thoracic-introduction-msk-patient-portal\/\">dor tor\u00e1cica<\/a> \u00e9 igual. Algumas pessoas descrevem <a href=\"https:\/\/cirurgiadecolunagoiania.com.br\/blog\/pontada-nas-costas\/\" type=\"link\" id=\"https:\/\/cirurgiadecolunagoiania.com.br\/blog\/pontada-nas-costas\/\">pontada localizada<\/a>; outras falam em queima\u00e7\u00e3o, aperto, sensa\u00e7\u00e3o de travamento ou dor que \u201ccontorna\u201d o t\u00f3rax junto \u00e0s costelas.<\/p>\n\n\n\n<p class=\"wp-block-paragraph\">Os sintomas mais comuns s\u00e3o:<\/p>\n\n\n\n<ul class=\"wp-block-list\">\n<li>Dor entre as esc\u00e1pulas ou no <a href=\"https:\/\/cirurgiadecolunagoiania.com.br\/blog\/dor-no-meio-das-costas\/\" type=\"link\" id=\"https:\/\/cirurgiadecolunagoiania.com.br\/blog\/dor-no-meio-das-costas\/\">meio das costas<\/a>;<\/li>\n\n\n\n<li>Rigidez para girar o tronco ou se endireitar;<\/li>\n\n\n\n<li>Piora ao sentar curvado, dirigir, estudar ou usar computador;<\/li>\n\n\n\n<li>Desconforto ao respirar fundo, tossir ou espirrar;<\/li>\n\n\n\n<li>Sensa\u00e7\u00e3o de peso muscular no fim do dia;<\/li>\n\n\n\n<li>Dor que irradia para o peito, costelas, ombro ou bra\u00e7o.<\/li>\n<\/ul>\n\n\n\n<p class=\"wp-block-paragraph\">Quando a dor vem com press\u00e3o no peito, suor frio, tontura, febre, tosse persistente ou falta de ar, o racioc\u00ednio j\u00e1 n\u00e3o fica restrito \u00e0 coluna. Nessa situa\u00e7\u00e3o, o mais seguro \u00e9 procurar atendimento sem demora.<\/p>\n\n\n\n<h2 class=\"wp-block-heading\">Quando pode ser sinal de alerta<\/h2>\n\n\n\n<p class=\"wp-block-paragraph\">A maior parte dos epis\u00f3dios melhora com o tempo, movimento orientado e ajustes de rotina. <\/p>\n\n\n\n<p class=\"wp-block-paragraph\">Ainda assim, a dor tor\u00e1cica merece aten\u00e7\u00e3o extra porque, em compara\u00e7\u00e3o com outras regi\u00f5es da coluna, ela pode ter mais chance de estar ligada a causas que precisam de investiga\u00e7\u00e3o r\u00e1pida.<\/p>\n\n\n\n<p class=\"wp-block-paragraph\">Procure avalia\u00e7\u00e3o m\u00e9dica com prioridade quando houver:<\/p>\n\n\n\n<ul class=\"wp-block-list\">\n<li>Dor ap\u00f3s queda, batida, acidente ou esporte de impacto;<\/li>\n\n\n\n<li><a href=\"https:\/\/cirurgiadecolunagoiania.com.br\/blog\/fraqueza-nas-pernas-e-desequilibrio\/\" type=\"link\" id=\"https:\/\/cirurgiadecolunagoiania.com.br\/blog\/fraqueza-nas-pernas-e-desequilibrio\/\">Fraqueza nas pernas,<\/a> dificuldade para andar ou sensa\u00e7\u00e3o de desequil\u00edbrio;<\/li>\n\n\n\n<li>Dorm\u00eancia progressiva, choque ou formigamento;<\/li>\n\n\n\n<li>Altera\u00e7\u00e3o para urinar ou evacuar;<\/li>\n\n\n\n<li>Febre, calafrios, suor noturno ou mal-estar;<\/li>\n\n\n\n<li>Perda de peso sem motivo claro.<\/li>\n<\/ul>\n\n\n\n<p class=\"wp-block-paragraph\">Dor constante, forte \u00e0 noite, pior ao deitar, ou hist\u00f3rico atual ou anterior de c\u00e2ncer, infec\u00e7\u00e3o ou imunossupress\u00e3o tamb\u00e9m pesam na decis\u00e3o. Se a dor come\u00e7ou depois de cirurgia, procedimento recente ou cateterismo, vale avisar o m\u00e9dico respons\u00e1vel.<\/p>\n\n\n\n<h2 class=\"wp-block-heading\">Como o diagn\u00f3stico \u00e9 feito<\/h2>\n\n\n\n<p class=\"wp-block-paragraph\">O diagn\u00f3stico come\u00e7a pela conversa cl\u00ednica e pelo exame f\u00edsico. <\/p>\n\n\n\n<p class=\"wp-block-paragraph\">O<a href=\"https:\/\/cirurgiadecolunagoiania.com.br\/\" type=\"link\" id=\"https:\/\/cirurgiadecolunagoiania.com.br\/\"> ortopedista de coluna capacitado para avaliar diferentes causas de dor<\/a> observa onde d\u00f3i, quando piora, se h\u00e1 rela\u00e7\u00e3o com postura, esfor\u00e7o, respira\u00e7\u00e3o, trauma e se apareceram sinais neurol\u00f3gicos.<\/p>\n\n\n\n<p class=\"wp-block-paragraph\">Depois disso, os exames s\u00e3o pedidos conforme a suspeita. Em casos simples, sem sinais de alerta, exame de imagem nem sempre \u00e9 o primeiro passo.<\/p>\n\n\n\n<p class=\"wp-block-paragraph\">J\u00e1 em situa\u00e7\u00f5es com trauma, suspeita de fratura, infec\u00e7\u00e3o, tumor, <a href=\"https:\/\/www.ncbi.nlm.nih.gov\/books\/NBK557604\/\" type=\"link\" id=\"https:\/\/www.ncbi.nlm.nih.gov\/books\/NBK557604\/\">compress\u00e3o da medula<\/a> ou dos nervos, ou dor que persiste mesmo ap\u00f3s tratamento conservador, radiografia, resson\u00e2ncia ou tomografia podem ser necess\u00e1rios.<\/p>\n\n\n\n<h2 class=\"wp-block-heading\">Como \u00e9 o tratamento<\/h2>\n\n\n\n<p class=\"wp-block-paragraph\">O tratamento ideal depende da causa. Quando a dor vem de tens\u00e3o muscular, m\u00e1 postura, sobrecarga ou irrita\u00e7\u00e3o mec\u00e2nica, a combina\u00e7\u00e3o de al\u00edvio da dor, retorno gradual ao movimento e fisioterapia funciona bem.<\/p>\n\n\n\n<p class=\"wp-block-paragraph\">J\u00e1 quando a origem est\u00e1 em fratura, h\u00e9rnia com compress\u00e3o, infec\u00e7\u00e3o, inflama\u00e7\u00e3o importante ou dor refletida de outra doen\u00e7a, a estrat\u00e9gia muda. Por isso, copiar exerc\u00edcio da internet ou insistir em automedica\u00e7\u00e3o por muitos dias nem sempre ajuda.<\/p>\n\n\n\n<h3 class=\"wp-block-heading\">O que pode aliviar nas primeiras semanas<\/h3>\n\n\n\n<p class=\"wp-block-paragraph\">Em quadros sem sinal de gravidade, algumas medidas ajudam:<\/p>\n\n\n\n<ul class=\"wp-block-list\">\n<li>Evitar repouso prolongado;<\/li>\n\n\n\n<li>Manter movimentos leves ao longo do dia;<\/li>\n\n\n\n<li>Usar calor local para relaxar a musculatura tensa;<\/li>\n\n\n\n<li>Aplicar gelo nas primeiras 48 horas se a dor surgiu ap\u00f3s esfor\u00e7o ou inflama\u00e7\u00e3o aguda;<\/li>\n\n\n\n<li>Ajustar analg\u00e9sicos ou anti-inflamat\u00f3rios s\u00f3 com orienta\u00e7\u00e3o profissional;<\/li>\n\n\n\n<li>Corrigir a posi\u00e7\u00e3o para estudar, trabalhar e dormir.<\/li>\n<\/ul>\n\n\n\n<p class=\"wp-block-paragraph\">Ficar im\u00f3vel por medo de piorar a dor pode atrasar a recupera\u00e7\u00e3o. O corpo responde melhor a movimento progressivo, com carga compat\u00edvel e sem insistir em dor intensa e duradoura.<\/p>\n\n\n\n<h3 class=\"wp-block-heading\">Fisioterapia e exerc\u00edcios<\/h3>\n\n\n\n<p class=\"wp-block-paragraph\">A fisioterapia ajuda a recuperar mobilidade, for\u00e7a, coordena\u00e7\u00e3o e controle postural. <\/p>\n\n\n\n<p class=\"wp-block-paragraph\">Em geral, o plano inclui exerc\u00edcios para abrir a caixa tor\u00e1cica, melhorar a rota\u00e7\u00e3o da coluna tor\u00e1cica, fortalecer esc\u00e1pulas, tronco e musculatura das costas, al\u00e9m de orientar respira\u00e7\u00e3o e ergonomia.<\/p>\n\n\n\n<p class=\"wp-block-paragraph\">Atividades regulares como caminhada, nata\u00e7\u00e3o, <a href=\"https:\/\/cirurgiadecolunagoiania.com.br\/blog\/10-beneficios-do-pilates-para-a-coluna\/\" type=\"link\" id=\"https:\/\/cirurgiadecolunagoiania.com.br\/blog\/10-beneficios-do-pilates-para-a-coluna\/\">Pilates<\/a>, yoga ou treino de for\u00e7a bem orientado tamb\u00e9m podem fazer parte do processo. O mais importante \u00e9 evoluir aos poucos e escolher algo que a pessoa consiga manter na rotina.<\/p>\n\n\n\n<h3 class=\"wp-block-heading\">Quando outros tratamentos s\u00e3o indicados<\/h3>\n\n\n\n<p class=\"wp-block-paragraph\">Se houver compress\u00e3o neurol\u00f3gica, fratura, deformidade importante, infec\u00e7\u00e3o, tumor ou dor persistente com causa estrutural definida, o tratamento pode envolver medica\u00e7\u00f5es espec\u00edficas, <a href=\"https:\/\/cirurgiadecolunagoiania.com.br\/blog\/infiltracao-de-coluna\/\" type=\"link\" id=\"https:\/\/cirurgiadecolunagoiania.com.br\/blog\/infiltracao-de-coluna\/\">infiltra\u00e7\u00f5es<\/a>, imobiliza\u00e7\u00e3o ou cirurgia.<\/p>\n\n\n\n<p class=\"wp-block-paragraph\">Esses casos s\u00e3o menos comuns, mas precisam de diagn\u00f3stico claro para n\u00e3o perder tempo.<\/p>\n\n\n\n<p class=\"wp-block-paragraph\">Quando aparecem perda de for\u00e7a, altera\u00e7\u00e3o da marcha, perda de sensibilidade ou dor irradiada com d\u00e9ficit neurol\u00f3gico, a avalia\u00e7\u00e3o especializada deve ser antecipada. <\/p>\n\n\n\n<p class=\"wp-block-paragraph\">Nesses cen\u00e1rios, a prioridade deixa de ser apenas aliviar a dor e passa a ser proteger a fun\u00e7\u00e3o e seguran\u00e7a.<\/p>\n\n\n\n<h2 class=\"wp-block-heading\">Como prevenir novas crises<\/h2>\n\n\n\n<p class=\"wp-block-paragraph\">Preven\u00e7\u00e3o n\u00e3o significa viver travado com medo de doer de novo. Na maioria das vezes, ela passa por rotina mais inteligente, pausas frequentes e uma coluna que tolere melhor as demandas do dia.<\/p>\n\n\n\n<p class=\"wp-block-paragraph\">Algumas atitudes ajudam bastante:<\/p>\n\n\n\n<ol class=\"wp-block-list\">\n<li>Levantar e se mexer a cada 40 a 60 minutos.<\/li>\n\n\n\n<li>Manter tela, cadeira e mesa em altura compat\u00edvel.<\/li>\n\n\n\n<li>Alternar posi\u00e7\u00f5es ao longo do dia.<\/li>\n\n\n\n<li>Fortalecer costas, abd\u00f4men e ombros.<\/li>\n\n\n\n<li>Aprender a pegar peso usando pernas e quadril.<\/li>\n\n\n\n<li>Dormir bem e controlar estresse.<\/li>\n<\/ol>\n\n\n\n<p class=\"wp-block-paragraph\">Quem j\u00e1 teve epis\u00f3dios repetidos se beneficia muito de educa\u00e7\u00e3o postural e acompanhamento fisioterap\u00eautico. Entender o pr\u00f3prio padr\u00e3o de dor ajuda a reduzir reca\u00eddas e evita a busca por solu\u00e7\u00f5es r\u00e1pidas que n\u00e3o resolvem a causa.<\/p>\n\n\n\n<h2 class=\"wp-block-heading\">Perguntas frequentes<\/h2>\n\n\n\n<h3 class=\"wp-block-heading\">Dor na coluna tor\u00e1cica pode ser s\u00f3 muscular?<\/h3>\n\n\n\n<p class=\"wp-block-paragraph\">Sim. Em muitos casos, a dor na coluna tor\u00e1cica tem rela\u00e7\u00e3o com tens\u00e3o muscular, postura mantida por muito tempo, esfor\u00e7o repetitivo ou movimento brusco. Mesmo assim, vale observar a evolu\u00e7\u00e3o. Se a dor for muito intensa, durar mais de alguns dias sem melhora ou vier com outros sintomas, o ideal \u00e9 investigar.<\/p>\n\n\n\n<h3 class=\"wp-block-heading\">Dor ao respirar fundo sempre indica problema na coluna?<\/h3>\n\n\n\n<p class=\"wp-block-paragraph\">N\u00e3o. \u00c0s vezes, a dor aumenta ao respirar fundo porque a caixa tor\u00e1cica se movimenta e isso traciona m\u00fasculos, articula\u00e7\u00f5es e costelas. Por\u00e9m, dor com respira\u00e7\u00e3o tamb\u00e9m pode aparecer em problemas pulmonares, pleurais ou at\u00e9 card\u00edacos, principalmente quando h\u00e1 falta de ar, febre, tosse ou aperto no peito.<\/p>\n\n\n\n<h3 class=\"wp-block-heading\">Exerc\u00edcio ajuda ou piora a dor na coluna tor\u00e1cica?<\/h3>\n\n\n\n<p class=\"wp-block-paragraph\">Na medida certa, exerc\u00edcio ajuda. Movimento progressivo melhora circula\u00e7\u00e3o, reduz rigidez e fortalece a musculatura que protege a coluna. O que piora \u00e9 insistir em treino pesado, t\u00e9cnica ruim ou exerc\u00edcio que dispara dor forte e duradoura. O melhor caminho \u00e9 ajustar a carga e, quando preciso, fazer acompanhamento com fisioterapeuta.<\/p>\n\n\n\n<h3 class=\"wp-block-heading\">Qual a diferen\u00e7a entre dor na coluna tor\u00e1cica e dor no peito?<\/h3>\n\n\n\n<p class=\"wp-block-paragraph\">A dor da coluna tor\u00e1cica varia com postura, movimento, rota\u00e7\u00e3o do tronco e press\u00e3o local. J\u00e1 a dor no peito pode ter origem card\u00edaca, pulmonar, gastrointestinal ou muscular. Como os sintomas podem se misturar, qualquer dor associada a falta de ar, suor frio, tontura, n\u00e1usea ou aperto importante merece atendimento imediato.<\/p>\n","protected":false},"excerpt":{"rendered":"<p>Dor no meio das costas tamb\u00e9m pode ser chamada de dor na coluna tor\u00e1cica. Ela aparece entre a base do pesco\u00e7o e a parte alta da lombar e, em muitos casos, tem rela\u00e7\u00e3o com m\u00fasculos tensos, postura mantida por muito tempo ou sobrecarga do dia a dia. S\u00f3 que nem toda dor nessa regi\u00e3o \u00e9 &hellip;<\/p>\n","protected":false},"author":2,"featured_media":8830,"comment_status":"closed","ping_status":"closed","sticky":false,"template":"","format":"standard","meta":{"footnotes":""},"categories":[35],"tags":[],"class_list":["post-2276","post","type-post","status-publish","format-standard","has-post-thumbnail","hentry","category-sintomas-e-diagnosticos"],"yoast_head":"<!-- This site is optimized with the Yoast SEO plugin v28.4 - https:\/\/yoast.com\/product\/yoast-seo-wordpress\/ -->\n<title>Dor na Coluna Tor\u00e1cica: An\u00e1lise e Estrat\u00e9gias | Dr. Aur\u00e9lio<\/title>\n<meta name=\"description\" content=\"Entenda o que pode causar dor na coluna tor\u00e1cica, sintomas que acompanham e quando buscar ajuda de um especialista.\" \/>\n<meta name=\"robots\" content=\"index, follow, max-snippet:-1, max-image-preview:large, max-video-preview:-1\" \/>\n<link rel=\"canonical\" href=\"https:\/\/cirurgiadecolunagoiania.com.br\/blog\/dor-na-coluna-toracica\/\" \/>\n<meta property=\"og:locale\" content=\"pt_BR\" \/>\n<meta property=\"og:type\" content=\"article\" \/>\n<meta property=\"og:title\" content=\"Dor na Coluna Tor\u00e1cica: An\u00e1lise e Estrat\u00e9gias | Dr. Aur\u00e9lio\" \/>\n<meta property=\"og:description\" content=\"Entenda o que pode causar dor na coluna tor\u00e1cica, sintomas que acompanham e quando buscar ajuda de um especialista.\" \/>\n<meta property=\"og:url\" content=\"https:\/\/cirurgiadecolunagoiania.com.br\/blog\/dor-na-coluna-toracica\/\" \/>\n<meta property=\"og:site_name\" content=\"Dr. Aur\u00e9lio Arantes\" \/>\n<meta property=\"article:publisher\" content=\"https:\/\/www.facebook.com\/cirurgiadecolunagoiania\" \/>\n<meta property=\"article:author\" content=\"https:\/\/www.facebook.com\/cirurgiadecolunagoiania\" \/>\n<meta property=\"article:published_time\" content=\"2026-07-07T16:41:34+00:00\" \/>\n<meta property=\"article:modified_time\" content=\"2026-07-07T16:41:35+00:00\" \/>\n<meta property=\"og:image\" content=\"https:\/\/cirurgiadecolunagoiania.com.br\/blog\/wp-content\/uploads\/2025\/09\/dor-na-coluna-toracica-2.webp\" \/>\n\t<meta property=\"og:image:width\" content=\"1200\" \/>\n\t<meta property=\"og:image:height\" content=\"675\" \/>\n\t<meta property=\"og:image:type\" content=\"image\/webp\" \/>\n<meta name=\"author\" content=\"Dr. Aur\u00e9lio Arantes\" \/>\n<meta name=\"twitter:card\" content=\"summary_large_image\" \/>\n<meta name=\"twitter:label1\" content=\"Escrito por\" \/>\n\t<meta name=\"twitter:data1\" content=\"Dr. Aur\u00e9lio Arantes\" \/>\n\t<meta name=\"twitter:label2\" content=\"Est. tempo de leitura\" \/>\n\t<meta name=\"twitter:data2\" content=\"8 minutos\" \/>\n<script type=\"application\/ld+json\" class=\"yoast-schema-graph\">{\"@context\":\"https:\\\/\\\/schema.org\",\"@graph\":[{\"@type\":\"Article\",\"@id\":\"https:\\\/\\\/cirurgiadecolunagoiania.com.br\\\/blog\\\/dor-na-coluna-toracica\\\/#article\",\"isPartOf\":{\"@id\":\"https:\\\/\\\/cirurgiadecolunagoiania.com.br\\\/blog\\\/dor-na-coluna-toracica\\\/\"},\"author\":{\"name\":\"Dr. Aur\u00e9lio Arantes\",\"@id\":\"https:\\\/\\\/cirurgiadecolunagoiania.com.br\\\/blog\\\/#\\\/schema\\\/person\\\/2dc11e8453a4efbaaef80dac9460c364\"},\"headline\":\"Dor na Coluna Tor\u00e1cica: O Que Pode Ser\",\"datePublished\":\"2026-07-07T16:41:34+00:00\",\"dateModified\":\"2026-07-07T16:41:35+00:00\",\"mainEntityOfPage\":{\"@id\":\"https:\\\/\\\/cirurgiadecolunagoiania.com.br\\\/blog\\\/dor-na-coluna-toracica\\\/\"},\"wordCount\":1565,\"publisher\":{\"@id\":\"https:\\\/\\\/cirurgiadecolunagoiania.com.br\\\/blog\\\/#organization\"},\"image\":{\"@id\":\"https:\\\/\\\/cirurgiadecolunagoiania.com.br\\\/blog\\\/dor-na-coluna-toracica\\\/#primaryimage\"},\"thumbnailUrl\":\"https:\\\/\\\/cirurgiadecolunagoiania.com.br\\\/blog\\\/wp-content\\\/uploads\\\/2025\\\/09\\\/dor-na-coluna-toracica-2.webp\",\"articleSection\":[\"Sintomas e Diagn\u00f3sticos\"],\"inLanguage\":\"pt-BR\"},{\"@type\":\"WebPage\",\"@id\":\"https:\\\/\\\/cirurgiadecolunagoiania.com.br\\\/blog\\\/dor-na-coluna-toracica\\\/\",\"url\":\"https:\\\/\\\/cirurgiadecolunagoiania.com.br\\\/blog\\\/dor-na-coluna-toracica\\\/\",\"name\":\"Dor na Coluna Tor\u00e1cica: An\u00e1lise e Estrat\u00e9gias | Dr. Aur\u00e9lio\",\"isPartOf\":{\"@id\":\"https:\\\/\\\/cirurgiadecolunagoiania.com.br\\\/blog\\\/#website\"},\"primaryImageOfPage\":{\"@id\":\"https:\\\/\\\/cirurgiadecolunagoiania.com.br\\\/blog\\\/dor-na-coluna-toracica\\\/#primaryimage\"},\"image\":{\"@id\":\"https:\\\/\\\/cirurgiadecolunagoiania.com.br\\\/blog\\\/dor-na-coluna-toracica\\\/#primaryimage\"},\"thumbnailUrl\":\"https:\\\/\\\/cirurgiadecolunagoiania.com.br\\\/blog\\\/wp-content\\\/uploads\\\/2025\\\/09\\\/dor-na-coluna-toracica-2.webp\",\"datePublished\":\"2026-07-07T16:41:34+00:00\",\"dateModified\":\"2026-07-07T16:41:35+00:00\",\"description\":\"Entenda o que pode causar dor na coluna tor\u00e1cica, sintomas que acompanham e quando buscar ajuda de um especialista.\",\"breadcrumb\":{\"@id\":\"https:\\\/\\\/cirurgiadecolunagoiania.com.br\\\/blog\\\/dor-na-coluna-toracica\\\/#breadcrumb\"},\"inLanguage\":\"pt-BR\",\"potentialAction\":[{\"@type\":\"ReadAction\",\"target\":[\"https:\\\/\\\/cirurgiadecolunagoiania.com.br\\\/blog\\\/dor-na-coluna-toracica\\\/\"]}]},{\"@type\":\"ImageObject\",\"inLanguage\":\"pt-BR\",\"@id\":\"https:\\\/\\\/cirurgiadecolunagoiania.com.br\\\/blog\\\/dor-na-coluna-toracica\\\/#primaryimage\",\"url\":\"https:\\\/\\\/cirurgiadecolunagoiania.com.br\\\/blog\\\/wp-content\\\/uploads\\\/2025\\\/09\\\/dor-na-coluna-toracica-2.webp\",\"contentUrl\":\"https:\\\/\\\/cirurgiadecolunagoiania.com.br\\\/blog\\\/wp-content\\\/uploads\\\/2025\\\/09\\\/dor-na-coluna-toracica-2.webp\",\"width\":1200,\"height\":675,\"caption\":\"Dor na coluna tor\u00e1cica\"},{\"@type\":\"BreadcrumbList\",\"@id\":\"https:\\\/\\\/cirurgiadecolunagoiania.com.br\\\/blog\\\/dor-na-coluna-toracica\\\/#breadcrumb\",\"itemListElement\":[{\"@type\":\"ListItem\",\"position\":1,\"name\":\"In\u00edcio\",\"item\":\"https:\\\/\\\/cirurgiadecolunagoiania.com.br\\\/blog\\\/\"},{\"@type\":\"ListItem\",\"position\":2,\"name\":\"Dor na Coluna Tor\u00e1cica: O Que Pode Ser\"}]},{\"@type\":\"WebSite\",\"@id\":\"https:\\\/\\\/cirurgiadecolunagoiania.com.br\\\/blog\\\/#website\",\"url\":\"https:\\\/\\\/cirurgiadecolunagoiania.com.br\\\/blog\\\/\",\"name\":\"Dr. Aur\u00e9lio Arantes\",\"description\":\"Ortopedista especialista em coluna Goi\u00e2nia\",\"publisher\":{\"@id\":\"https:\\\/\\\/cirurgiadecolunagoiania.com.br\\\/blog\\\/#organization\"},\"potentialAction\":[{\"@type\":\"SearchAction\",\"target\":{\"@type\":\"EntryPoint\",\"urlTemplate\":\"https:\\\/\\\/cirurgiadecolunagoiania.com.br\\\/blog\\\/?s={search_term_string}\"},\"query-input\":{\"@type\":\"PropertyValueSpecification\",\"valueRequired\":true,\"valueName\":\"search_term_string\"}}],\"inLanguage\":\"pt-BR\"},{\"@type\":\"Organization\",\"@id\":\"https:\\\/\\\/cirurgiadecolunagoiania.com.br\\\/blog\\\/#organization\",\"name\":\"Dr. Aur\u00e9lio Arantes\",\"url\":\"https:\\\/\\\/cirurgiadecolunagoiania.com.br\\\/blog\\\/\",\"logo\":{\"@type\":\"ImageObject\",\"inLanguage\":\"pt-BR\",\"@id\":\"https:\\\/\\\/cirurgiadecolunagoiania.com.br\\\/blog\\\/#\\\/schema\\\/logo\\\/image\\\/\",\"url\":\"https:\\\/\\\/cirurgiadecolunagoiania.com.br\\\/blog\\\/wp-content\\\/uploads\\\/2025\\\/10\\\/logo-dr-aurelio.webp\",\"contentUrl\":\"https:\\\/\\\/cirurgiadecolunagoiania.com.br\\\/blog\\\/wp-content\\\/uploads\\\/2025\\\/10\\\/logo-dr-aurelio.webp\",\"width\":211,\"height\":63,\"caption\":\"Dr. Aur\u00e9lio Arantes\"},\"image\":{\"@id\":\"https:\\\/\\\/cirurgiadecolunagoiania.com.br\\\/blog\\\/#\\\/schema\\\/logo\\\/image\\\/\"},\"sameAs\":[\"https:\\\/\\\/www.facebook.com\\\/cirurgiadecolunagoiania\"]},{\"@type\":\"Person\",\"@id\":\"https:\\\/\\\/cirurgiadecolunagoiania.com.br\\\/blog\\\/#\\\/schema\\\/person\\\/2dc11e8453a4efbaaef80dac9460c364\",\"name\":\"Dr. Aur\u00e9lio Arantes\",\"image\":{\"@type\":\"ImageObject\",\"inLanguage\":\"pt-BR\",\"@id\":\"https:\\\/\\\/secure.gravatar.com\\\/avatar\\\/9ea805218d90a3fcba6ffe2e49ab00d42c8d5a1a873573eef7132cf81b6df442?s=96&d=mm&r=g\",\"url\":\"https:\\\/\\\/secure.gravatar.com\\\/avatar\\\/9ea805218d90a3fcba6ffe2e49ab00d42c8d5a1a873573eef7132cf81b6df442?s=96&d=mm&r=g\",\"contentUrl\":\"https:\\\/\\\/secure.gravatar.com\\\/avatar\\\/9ea805218d90a3fcba6ffe2e49ab00d42c8d5a1a873573eef7132cf81b6df442?s=96&d=mm&r=g\",\"caption\":\"Dr. Aur\u00e9lio Arantes\"},\"description\":\"Especialista em ortopedia de coluna em Goi\u00e2nia. Membro titular da Sociedade Brasileira de Ortopedia e Traumatologia (SBOT) e da Sociedade Brasileira de Coluna (SBC). Preceptor do Departamento de Ortopedia e Traumatologia do HC-UFG e membro da diretoria da SBOT Goi\u00e1s.\",\"sameAs\":[\"https:\\\/\\\/cirurgiadecolunagoiania.com.br\\\/\",\"https:\\\/\\\/www.facebook.com\\\/cirurgiadecolunagoiania\",\"https:\\\/\\\/www.instagram.com\\\/draurelioarantes\\\/\"],\"url\":\"https:\\\/\\\/cirurgiadecolunagoiania.com.br\\\/blog\\\/\"}]}<\/script>\n<!-- \/ Yoast SEO plugin. -->","yoast_head_json":{"title":"Dor na Coluna Tor\u00e1cica: An\u00e1lise e Estrat\u00e9gias | Dr. Aur\u00e9lio","description":"Entenda o que pode causar dor na coluna tor\u00e1cica, sintomas que acompanham e quando buscar ajuda de um especialista.","robots":{"index":"index","follow":"follow","max-snippet":"max-snippet:-1","max-image-preview":"max-image-preview:large","max-video-preview":"max-video-preview:-1"},"canonical":"https:\/\/cirurgiadecolunagoiania.com.br\/blog\/dor-na-coluna-toracica\/","og_locale":"pt_BR","og_type":"article","og_title":"Dor na Coluna Tor\u00e1cica: An\u00e1lise e Estrat\u00e9gias | Dr. Aur\u00e9lio","og_description":"Entenda o que pode causar dor na coluna tor\u00e1cica, sintomas que acompanham e quando buscar ajuda de um especialista.","og_url":"https:\/\/cirurgiadecolunagoiania.com.br\/blog\/dor-na-coluna-toracica\/","og_site_name":"Dr. Aur\u00e9lio Arantes","article_publisher":"https:\/\/www.facebook.com\/cirurgiadecolunagoiania","article_author":"https:\/\/www.facebook.com\/cirurgiadecolunagoiania","article_published_time":"2026-07-07T16:41:34+00:00","article_modified_time":"2026-07-07T16:41:35+00:00","og_image":[{"width":1200,"height":675,"url":"https:\/\/cirurgiadecolunagoiania.com.br\/blog\/wp-content\/uploads\/2025\/09\/dor-na-coluna-toracica-2.webp","type":"image\/webp"}],"author":"Dr. Aur\u00e9lio Arantes","twitter_card":"summary_large_image","twitter_misc":{"Escrito por":"Dr. Aur\u00e9lio Arantes","Est. tempo de leitura":"8 minutos"},"schema":{"@context":"https:\/\/schema.org","@graph":[{"@type":"Article","@id":"https:\/\/cirurgiadecolunagoiania.com.br\/blog\/dor-na-coluna-toracica\/#article","isPartOf":{"@id":"https:\/\/cirurgiadecolunagoiania.com.br\/blog\/dor-na-coluna-toracica\/"},"author":{"name":"Dr. Aur\u00e9lio Arantes","@id":"https:\/\/cirurgiadecolunagoiania.com.br\/blog\/#\/schema\/person\/2dc11e8453a4efbaaef80dac9460c364"},"headline":"Dor na Coluna Tor\u00e1cica: O Que Pode Ser","datePublished":"2026-07-07T16:41:34+00:00","dateModified":"2026-07-07T16:41:35+00:00","mainEntityOfPage":{"@id":"https:\/\/cirurgiadecolunagoiania.com.br\/blog\/dor-na-coluna-toracica\/"},"wordCount":1565,"publisher":{"@id":"https:\/\/cirurgiadecolunagoiania.com.br\/blog\/#organization"},"image":{"@id":"https:\/\/cirurgiadecolunagoiania.com.br\/blog\/dor-na-coluna-toracica\/#primaryimage"},"thumbnailUrl":"https:\/\/cirurgiadecolunagoiania.com.br\/blog\/wp-content\/uploads\/2025\/09\/dor-na-coluna-toracica-2.webp","articleSection":["Sintomas e Diagn\u00f3sticos"],"inLanguage":"pt-BR"},{"@type":"WebPage","@id":"https:\/\/cirurgiadecolunagoiania.com.br\/blog\/dor-na-coluna-toracica\/","url":"https:\/\/cirurgiadecolunagoiania.com.br\/blog\/dor-na-coluna-toracica\/","name":"Dor na Coluna Tor\u00e1cica: An\u00e1lise e Estrat\u00e9gias | Dr. Aur\u00e9lio","isPartOf":{"@id":"https:\/\/cirurgiadecolunagoiania.com.br\/blog\/#website"},"primaryImageOfPage":{"@id":"https:\/\/cirurgiadecolunagoiania.com.br\/blog\/dor-na-coluna-toracica\/#primaryimage"},"image":{"@id":"https:\/\/cirurgiadecolunagoiania.com.br\/blog\/dor-na-coluna-toracica\/#primaryimage"},"thumbnailUrl":"https:\/\/cirurgiadecolunagoiania.com.br\/blog\/wp-content\/uploads\/2025\/09\/dor-na-coluna-toracica-2.webp","datePublished":"2026-07-07T16:41:34+00:00","dateModified":"2026-07-07T16:41:35+00:00","description":"Entenda o que pode causar dor na coluna tor\u00e1cica, sintomas que acompanham e quando buscar ajuda de um especialista.","breadcrumb":{"@id":"https:\/\/cirurgiadecolunagoiania.com.br\/blog\/dor-na-coluna-toracica\/#breadcrumb"},"inLanguage":"pt-BR","potentialAction":[{"@type":"ReadAction","target":["https:\/\/cirurgiadecolunagoiania.com.br\/blog\/dor-na-coluna-toracica\/"]}]},{"@type":"ImageObject","inLanguage":"pt-BR","@id":"https:\/\/cirurgiadecolunagoiania.com.br\/blog\/dor-na-coluna-toracica\/#primaryimage","url":"https:\/\/cirurgiadecolunagoiania.com.br\/blog\/wp-content\/uploads\/2025\/09\/dor-na-coluna-toracica-2.webp","contentUrl":"https:\/\/cirurgiadecolunagoiania.com.br\/blog\/wp-content\/uploads\/2025\/09\/dor-na-coluna-toracica-2.webp","width":1200,"height":675,"caption":"Dor na coluna tor\u00e1cica"},{"@type":"BreadcrumbList","@id":"https:\/\/cirurgiadecolunagoiania.com.br\/blog\/dor-na-coluna-toracica\/#breadcrumb","itemListElement":[{"@type":"ListItem","position":1,"name":"In\u00edcio","item":"https:\/\/cirurgiadecolunagoiania.com.br\/blog\/"},{"@type":"ListItem","position":2,"name":"Dor na Coluna Tor\u00e1cica: O Que Pode Ser"}]},{"@type":"WebSite","@id":"https:\/\/cirurgiadecolunagoiania.com.br\/blog\/#website","url":"https:\/\/cirurgiadecolunagoiania.com.br\/blog\/","name":"Dr. Aur\u00e9lio Arantes","description":"Ortopedista especialista em coluna Goi\u00e2nia","publisher":{"@id":"https:\/\/cirurgiadecolunagoiania.com.br\/blog\/#organization"},"potentialAction":[{"@type":"SearchAction","target":{"@type":"EntryPoint","urlTemplate":"https:\/\/cirurgiadecolunagoiania.com.br\/blog\/?s={search_term_string}"},"query-input":{"@type":"PropertyValueSpecification","valueRequired":true,"valueName":"search_term_string"}}],"inLanguage":"pt-BR"},{"@type":"Organization","@id":"https:\/\/cirurgiadecolunagoiania.com.br\/blog\/#organization","name":"Dr. Aur\u00e9lio Arantes","url":"https:\/\/cirurgiadecolunagoiania.com.br\/blog\/","logo":{"@type":"ImageObject","inLanguage":"pt-BR","@id":"https:\/\/cirurgiadecolunagoiania.com.br\/blog\/#\/schema\/logo\/image\/","url":"https:\/\/cirurgiadecolunagoiania.com.br\/blog\/wp-content\/uploads\/2025\/10\/logo-dr-aurelio.webp","contentUrl":"https:\/\/cirurgiadecolunagoiania.com.br\/blog\/wp-content\/uploads\/2025\/10\/logo-dr-aurelio.webp","width":211,"height":63,"caption":"Dr. Aur\u00e9lio Arantes"},"image":{"@id":"https:\/\/cirurgiadecolunagoiania.com.br\/blog\/#\/schema\/logo\/image\/"},"sameAs":["https:\/\/www.facebook.com\/cirurgiadecolunagoiania"]},{"@type":"Person","@id":"https:\/\/cirurgiadecolunagoiania.com.br\/blog\/#\/schema\/person\/2dc11e8453a4efbaaef80dac9460c364","name":"Dr. Aur\u00e9lio Arantes","image":{"@type":"ImageObject","inLanguage":"pt-BR","@id":"https:\/\/secure.gravatar.com\/avatar\/9ea805218d90a3fcba6ffe2e49ab00d42c8d5a1a873573eef7132cf81b6df442?s=96&d=mm&r=g","url":"https:\/\/secure.gravatar.com\/avatar\/9ea805218d90a3fcba6ffe2e49ab00d42c8d5a1a873573eef7132cf81b6df442?s=96&d=mm&r=g","contentUrl":"https:\/\/secure.gravatar.com\/avatar\/9ea805218d90a3fcba6ffe2e49ab00d42c8d5a1a873573eef7132cf81b6df442?s=96&d=mm&r=g","caption":"Dr. Aur\u00e9lio Arantes"},"description":"Especialista em ortopedia de coluna em Goi\u00e2nia. Membro titular da Sociedade Brasileira de Ortopedia e Traumatologia (SBOT) e da Sociedade Brasileira de Coluna (SBC). Preceptor do Departamento de Ortopedia e Traumatologia do HC-UFG e membro da diretoria da SBOT Goi\u00e1s.","sameAs":["https:\/\/cirurgiadecolunagoiania.com.br\/","https:\/\/www.facebook.com\/cirurgiadecolunagoiania","https:\/\/www.instagram.com\/draurelioarantes\/"],"url":"https:\/\/cirurgiadecolunagoiania.com.br\/blog\/"}]}},"_links":{"self":[{"href":"https:\/\/cirurgiadecolunagoiania.com.br\/blog\/wp-json\/wp\/v2\/posts\/2276","targetHints":{"allow":["GET"]}}],"collection":[{"href":"https:\/\/cirurgiadecolunagoiania.com.br\/blog\/wp-json\/wp\/v2\/posts"}],"about":[{"href":"https:\/\/cirurgiadecolunagoiania.com.br\/blog\/wp-json\/wp\/v2\/types\/post"}],"author":[{"embeddable":true,"href":"https:\/\/cirurgiadecolunagoiania.com.br\/blog\/wp-json\/wp\/v2\/users\/2"}],"replies":[{"embeddable":true,"href":"https:\/\/cirurgiadecolunagoiania.com.br\/blog\/wp-json\/wp\/v2\/comments?post=2276"}],"version-history":[{"count":5,"href":"https:\/\/cirurgiadecolunagoiania.com.br\/blog\/wp-json\/wp\/v2\/posts\/2276\/revisions"}],"predecessor-version":[{"id":8829,"href":"https:\/\/cirurgiadecolunagoiania.com.br\/blog\/wp-json\/wp\/v2\/posts\/2276\/revisions\/8829"}],"wp:featuredmedia":[{"embeddable":true,"href":"https:\/\/cirurgiadecolunagoiania.com.br\/blog\/wp-json\/wp\/v2\/media\/8830"}],"wp:attachment":[{"href":"https:\/\/cirurgiadecolunagoiania.com.br\/blog\/wp-json\/wp\/v2\/media?parent=2276"}],"wp:term":[{"taxonomy":"category","embeddable":true,"href":"https:\/\/cirurgiadecolunagoiania.com.br\/blog\/wp-json\/wp\/v2\/categories?post=2276"},{"taxonomy":"post_tag","embeddable":true,"href":"https:\/\/cirurgiadecolunagoiania.com.br\/blog\/wp-json\/wp\/v2\/tags?post=2276"}],"curies":[{"name":"wp","href":"https:\/\/api.w.org\/{rel}","templated":true}]}}